{"id":521,"date":"2021-06-18T14:23:00","date_gmt":"2021-06-18T11:23:00","guid":{"rendered":"https:\/\/www.finnvacum.fi\/?p=521"},"modified":"2022-07-01T12:25:55","modified_gmt":"2022-07-01T09:25:55","slug":"vinst-i-lidls-tavling","status":"publish","type":"post","link":"https:\/\/www.finnvacum.fi\/sv\/vinst-i-lidls-tavling\/","title":{"rendered":"Vinst i Lidls Pakkaustarinoita-t\u00e4vling!"},"content":{"rendered":"<p>Finnvacums team, representerat av Stefan K\u00e4mpe och Mika V\u00e4is\u00e4nen kammade hem en vinst i Lidls Pakkaustarinoita-t\u00e4vling den 16 juni 2021.<\/p>\n\n\n\n<figure class=\"wp-block-image size-large is-resized\"><img loading=\"lazy\" decoding=\"async\" src=\"https:\/\/www.finnvacum.fi\/wp-content\/uploads\/2022\/05\/lidl-pakkaustarinoita-1024x576.jpg\" alt=\"\" class=\"wp-image-6227\" width=\"394\" height=\"222\" srcset=\"https:\/\/www.finnvacum.fi\/wp-content\/uploads\/2022\/05\/lidl-pakkaustarinoita-1024x576.jpg 1024w, https:\/\/www.finnvacum.fi\/wp-content\/uploads\/2022\/05\/lidl-pakkaustarinoita-300x169.jpg 300w, https:\/\/www.finnvacum.fi\/wp-content\/uploads\/2022\/05\/lidl-pakkaustarinoita-768x432.jpg 768w, https:\/\/www.finnvacum.fi\/wp-content\/uploads\/2022\/05\/lidl-pakkaustarinoita-600x338.jpg 600w, https:\/\/www.finnvacum.fi\/wp-content\/uploads\/2022\/05\/lidl-pakkaustarinoita.jpg 1200w\" sizes=\"auto, (max-width: 394px) 100vw, 394px\" \/><\/figure>\n\n\n\n<p>Vinsten kom i kategori 2 - 100 % \u00e5tervinningsbar f\u00f6rpackning.<\/p>\n\n\n\n<p>T\u00e4vlingsarbeten kom in fr\u00e5n \u00f6ver 80 f\u00f6retag, f\u00f6reningar och studeranden. I finalen rymdes rikligt med bra id\u00e9er, s\u00e5 vinstsumman delades j\u00e4mnt mellan fem vinnare. Dessutom tilldelades juryns hedersomn\u00e4mnande och publikens favorit valdes.<\/p>\n\n\n\n<p>Se t\u00e4vlingens finalister och vinnare <a href=\"https:\/\/corporate.lidl.fi\/vastuullisuus\/ymparisto\/reset-plastic\/pakkaustarinoita\/finalistit\" target=\"_blank\" rel=\"noreferrer noopener\">h\u00e4r \u00bb<\/a><\/p>\n\n\n\n<p>Stefan K\u00e4mpe och Mika V\u00e4is\u00e4nen blev intervjuade av Lidl: <a href=\"https:\/\/www.youtube.com\/watch?v=MaX2577tDT0&amp;t=8s\">se p\u00e5 YouTube \u00bb<\/a><\/p>","protected":false},"excerpt":{"rendered":"<p>Finnvacumin tiimi, vet\u00e4jin\u00e4 Stefan K\u00e4mpe ja Mika V\u00e4is\u00e4nen, pokkasivat voiton Lidlin Pakkaustarinoita-kilpailussa 16.6.2021. Voitto tuli Kategoria 2 &#8211; 100 % kierr\u00e4tett\u00e4v\u00e4 pakkaus. Kilpailut\u00f6it\u00e4 saapui yli 80 yrityksest\u00e4, yhdistyksest\u00e4 ja opiskelijoilta. Hyvi\u00e4 ideoita mahtui finaaliin runsaasti, joten palkintosumma jaettiin viiden voittajan kesken tasan. Lis\u00e4ksi my\u00f6nnettiin raadin kunniamaininta ja valittiin yleis\u00f6n suosikki. Katso kilpailun finalistit ja voittajat&hellip;&nbsp;<a href=\"https:\/\/www.finnvacum.fi\/sv\/vinst-i-lidls-tavling\/\" class=\"\" rel=\"bookmark\">L\u00e4s mer &raquo;<span class=\"screen-reader-text\">Vinst i Lidls Pakkaustarinoita-t\u00e4vling!<\/span><\/a><\/p>","protected":false},"author":1,"featured_media":0,"comment_status":"closed","ping_status":"closed","sticky":false,"template":"","format":"standard","meta":{"inline_featured_image":false,"neve_meta_sidebar":"","neve_meta_container":"","neve_meta_enable_content_width":"","neve_meta_content_width":0,"neve_meta_title_alignment":"","neve_meta_author_avatar":"","neve_post_elements_order":"","neve_meta_disable_header":"","neve_meta_disable_footer":"","neve_meta_disable_title":"","footnotes":""},"categories":[1],"tags":[],"class_list":["post-521","post","type-post","status-publish","format-standard","hentry","category-yleinen"],"yoast_head":"<!-- This site is optimized with the Yoast SEO plugin v25.1 - https:\/\/yoast.com\/wordpress\/plugins\/seo\/ -->\n<title>Voitto Lidlin Pakkaustarinoita-kilpailussa! - Finnvacum<\/title>\n<meta name=\"robots\" content=\"index, follow, max-snippet:-1, max-image-preview:large, max-video-preview:-1\" \/>\n<link rel=\"canonical\" href=\"https:\/\/www.finnvacum.fi\/sv\/vinst-i-lidls-tavling\/\" \/>\n<meta property=\"og:locale\" content=\"sv_SE\" \/>\n<meta property=\"og:type\" content=\"article\" \/>\n<meta property=\"og:title\" content=\"Voitto Lidlin Pakkaustarinoita-kilpailussa! - Finnvacum\" \/>\n<meta property=\"og:description\" content=\"Finnvacumin tiimi, vet\u00e4jin\u00e4 Stefan K\u00e4mpe ja Mika V\u00e4is\u00e4nen, pokkasivat voiton Lidlin Pakkaustarinoita-kilpailussa 16.6.2021. Voitto tuli Kategoria 2 &#8211; 100 % kierr\u00e4tett\u00e4v\u00e4 pakkaus. Kilpailut\u00f6it\u00e4 saapui yli 80 yrityksest\u00e4, yhdistyksest\u00e4 ja opiskelijoilta. Hyvi\u00e4 ideoita mahtui finaaliin runsaasti, joten palkintosumma jaettiin viiden voittajan kesken tasan. Lis\u00e4ksi my\u00f6nnettiin raadin kunniamaininta ja valittiin yleis\u00f6n suosikki. Katso kilpailun finalistit ja voittajat&hellip;&nbsp;L\u00e4s mer &raquo;Voitto Lidlin Pakkaustarinoita-kilpailussa!\" \/>\n<meta property=\"og:url\" content=\"https:\/\/www.finnvacum.fi\/sv\/vinst-i-lidls-tavling\/\" \/>\n<meta property=\"og:site_name\" content=\"Finnvacum\" \/>\n<meta property=\"article:publisher\" content=\"https:\/\/www.facebook.com\/finnvacum\/\" \/>\n<meta property=\"article:published_time\" content=\"2021-06-18T11:23:00+00:00\" \/>\n<meta property=\"article:modified_time\" content=\"2022-07-01T09:25:55+00:00\" \/>\n<meta property=\"og:image\" content=\"https:\/\/www.finnvacum.fi\/wp-content\/uploads\/2022\/05\/lidl-pakkaustarinoita-1024x576.jpg\" \/>\n<meta name=\"author\" content=\"Finnvacum\" \/>\n<meta name=\"twitter:card\" content=\"summary_large_image\" \/>\n<meta name=\"twitter:label1\" content=\"Skriven av\" \/>\n\t<meta name=\"twitter:data1\" content=\"Finnvacum\" \/>\n<script type=\"application\/ld+json\" class=\"yoast-schema-graph\">{\"@context\":\"https:\/\/schema.org\",\"@graph\":[{\"@type\":\"Article\",\"@id\":\"https:\/\/www.finnvacum.fi\/voitto-lidlin-pakkaustarinoita-kilpailussa\/#article\",\"isPartOf\":{\"@id\":\"https:\/\/www.finnvacum.fi\/voitto-lidlin-pakkaustarinoita-kilpailussa\/\"},\"author\":{\"name\":\"Finnvacum\",\"@id\":\"https:\/\/www.finnvacum.fi\/#\/schema\/person\/8491ce6427439075199ab7aac45a33ba\"},\"headline\":\"Voitto Lidlin Pakkaustarinoita-kilpailussa!\",\"datePublished\":\"2021-06-18T11:23:00+00:00\",\"dateModified\":\"2022-07-01T09:25:55+00:00\",\"mainEntityOfPage\":{\"@id\":\"https:\/\/www.finnvacum.fi\/voitto-lidlin-pakkaustarinoita-kilpailussa\/\"},\"wordCount\":77,\"publisher\":{\"@id\":\"https:\/\/www.finnvacum.fi\/#organization\"},\"image\":{\"@id\":\"https:\/\/www.finnvacum.fi\/voitto-lidlin-pakkaustarinoita-kilpailussa\/#primaryimage\"},\"thumbnailUrl\":\"https:\/\/www.finnvacum.fi\/wp-content\/uploads\/2022\/05\/lidl-pakkaustarinoita-1024x576.jpg\",\"articleSection\":[\"Yleinen\"],\"inLanguage\":\"sv-SE\"},{\"@type\":\"WebPage\",\"@id\":\"https:\/\/www.finnvacum.fi\/voitto-lidlin-pakkaustarinoita-kilpailussa\/\",\"url\":\"https:\/\/www.finnvacum.fi\/voitto-lidlin-pakkaustarinoita-kilpailussa\/\",\"name\":\"Voitto Lidlin Pakkaustarinoita-kilpailussa! - Finnvacum\",\"isPartOf\":{\"@id\":\"https:\/\/www.finnvacum.fi\/#website\"},\"primaryImageOfPage\":{\"@id\":\"https:\/\/www.finnvacum.fi\/voitto-lidlin-pakkaustarinoita-kilpailussa\/#primaryimage\"},\"image\":{\"@id\":\"https:\/\/www.finnvacum.fi\/voitto-lidlin-pakkaustarinoita-kilpailussa\/#primaryimage\"},\"thumbnailUrl\":\"https:\/\/www.finnvacum.fi\/wp-content\/uploads\/2022\/05\/lidl-pakkaustarinoita-1024x576.jpg\",\"datePublished\":\"2021-06-18T11:23:00+00:00\",\"dateModified\":\"2022-07-01T09:25:55+00:00\",\"breadcrumb\":{\"@id\":\"https:\/\/www.finnvacum.fi\/voitto-lidlin-pakkaustarinoita-kilpailussa\/#breadcrumb\"},\"inLanguage\":\"sv-SE\",\"potentialAction\":[{\"@type\":\"ReadAction\",\"target\":[\"https:\/\/www.finnvacum.fi\/voitto-lidlin-pakkaustarinoita-kilpailussa\/\"]}]},{\"@type\":\"ImageObject\",\"inLanguage\":\"sv-SE\",\"@id\":\"https:\/\/www.finnvacum.fi\/voitto-lidlin-pakkaustarinoita-kilpailussa\/#primaryimage\",\"url\":\"https:\/\/www.finnvacum.fi\/wp-content\/uploads\/2022\/05\/lidl-pakkaustarinoita-1024x576.jpg\",\"contentUrl\":\"https:\/\/www.finnvacum.fi\/wp-content\/uploads\/2022\/05\/lidl-pakkaustarinoita-1024x576.jpg\"},{\"@type\":\"BreadcrumbList\",\"@id\":\"https:\/\/www.finnvacum.fi\/voitto-lidlin-pakkaustarinoita-kilpailussa\/#breadcrumb\",\"itemListElement\":[{\"@type\":\"ListItem\",\"position\":1,\"name\":\"Etusivu\",\"item\":\"https:\/\/www.finnvacum.fi\/\"},{\"@type\":\"ListItem\",\"position\":2,\"name\":\"Voitto Lidlin Pakkaustarinoita-kilpailussa!\"}]},{\"@type\":\"WebSite\",\"@id\":\"https:\/\/www.finnvacum.fi\/#website\",\"url\":\"https:\/\/www.finnvacum.fi\/\",\"name\":\"Finnvacum\",\"description\":\"Elintarviketeollisuuden koneet ja materiaalit\",\"publisher\":{\"@id\":\"https:\/\/www.finnvacum.fi\/#organization\"},\"potentialAction\":[{\"@type\":\"SearchAction\",\"target\":{\"@type\":\"EntryPoint\",\"urlTemplate\":\"https:\/\/www.finnvacum.fi\/?s={search_term_string}\"},\"query-input\":{\"@type\":\"PropertyValueSpecification\",\"valueRequired\":true,\"valueName\":\"search_term_string\"}}],\"inLanguage\":\"sv-SE\"},{\"@type\":\"Organization\",\"@id\":\"https:\/\/www.finnvacum.fi\/#organization\",\"name\":\"Finnvacum Oy Ab\",\"url\":\"https:\/\/www.finnvacum.fi\/\",\"logo\":{\"@type\":\"ImageObject\",\"inLanguage\":\"sv-SE\",\"@id\":\"https:\/\/www.finnvacum.fi\/#\/schema\/logo\/image\/\",\"url\":\"https:\/\/www.finnvacum.fi\/wp-content\/uploads\/2021\/05\/cropped-fv3to1.png\",\"contentUrl\":\"https:\/\/www.finnvacum.fi\/wp-content\/uploads\/2021\/05\/cropped-fv3to1.png\",\"width\":600,\"height\":150,\"caption\":\"Finnvacum Oy Ab\"},\"image\":{\"@id\":\"https:\/\/www.finnvacum.fi\/#\/schema\/logo\/image\/\"},\"sameAs\":[\"https:\/\/www.facebook.com\/finnvacum\/\",\"https:\/\/www.instagram.com\/finnvacum\/\",\"https:\/\/fi.linkedin.com\/company\/finnvacum-oy-ab\"]},{\"@type\":\"Person\",\"@id\":\"https:\/\/www.finnvacum.fi\/#\/schema\/person\/8491ce6427439075199ab7aac45a33ba\",\"name\":\"Finnvacum\",\"image\":{\"@type\":\"ImageObject\",\"inLanguage\":\"sv-SE\",\"@id\":\"https:\/\/www.finnvacum.fi\/#\/schema\/person\/image\/\",\"url\":\"https:\/\/secure.gravatar.com\/avatar\/fccc51a8c8724848f3b84b13ca60d1407ea5ea8877b7ab6f9d9030a2f7c6226f?s=96&d=mm&r=g\",\"contentUrl\":\"https:\/\/secure.gravatar.com\/avatar\/fccc51a8c8724848f3b84b13ca60d1407ea5ea8877b7ab6f9d9030a2f7c6226f?s=96&d=mm&r=g\",\"caption\":\"Finnvacum\"},\"sameAs\":[\"https:\/\/www.finnvacum.fi\"]}]}<\/script>\n<!-- \/ Yoast SEO plugin. -->","yoast_head_json":{"title":"Voitto Lidlin Pakkaustarinoita-kilpailussa! - Finnvacum","robots":{"index":"index","follow":"follow","max-snippet":"max-snippet:-1","max-image-preview":"max-image-preview:large","max-video-preview":"max-video-preview:-1"},"canonical":"https:\/\/www.finnvacum.fi\/sv\/vinst-i-lidls-tavling\/","og_locale":"sv_SE","og_type":"article","og_title":"Voitto Lidlin Pakkaustarinoita-kilpailussa! - Finnvacum","og_description":"Finnvacumin tiimi, vet\u00e4jin\u00e4 Stefan K\u00e4mpe ja Mika V\u00e4is\u00e4nen, pokkasivat voiton Lidlin Pakkaustarinoita-kilpailussa 16.6.2021. Voitto tuli Kategoria 2 &#8211; 100 % kierr\u00e4tett\u00e4v\u00e4 pakkaus. Kilpailut\u00f6it\u00e4 saapui yli 80 yrityksest\u00e4, yhdistyksest\u00e4 ja opiskelijoilta. Hyvi\u00e4 ideoita mahtui finaaliin runsaasti, joten palkintosumma jaettiin viiden voittajan kesken tasan. Lis\u00e4ksi my\u00f6nnettiin raadin kunniamaininta ja valittiin yleis\u00f6n suosikki. Katso kilpailun finalistit ja voittajat&hellip;&nbsp;L\u00e4s mer &raquo;Voitto Lidlin Pakkaustarinoita-kilpailussa!","og_url":"https:\/\/www.finnvacum.fi\/sv\/vinst-i-lidls-tavling\/","og_site_name":"Finnvacum","article_publisher":"https:\/\/www.facebook.com\/finnvacum\/","article_published_time":"2021-06-18T11:23:00+00:00","article_modified_time":"2022-07-01T09:25:55+00:00","og_image":[{"url":"https:\/\/www.finnvacum.fi\/wp-content\/uploads\/2022\/05\/lidl-pakkaustarinoita-1024x576.jpg","type":"","width":"","height":""}],"author":"Finnvacum","twitter_card":"summary_large_image","twitter_misc":{"Skriven av":"Finnvacum"},"schema":{"@context":"https:\/\/schema.org","@graph":[{"@type":"Article","@id":"https:\/\/www.finnvacum.fi\/voitto-lidlin-pakkaustarinoita-kilpailussa\/#article","isPartOf":{"@id":"https:\/\/www.finnvacum.fi\/voitto-lidlin-pakkaustarinoita-kilpailussa\/"},"author":{"name":"Finnvacum","@id":"https:\/\/www.finnvacum.fi\/#\/schema\/person\/8491ce6427439075199ab7aac45a33ba"},"headline":"Voitto Lidlin Pakkaustarinoita-kilpailussa!","datePublished":"2021-06-18T11:23:00+00:00","dateModified":"2022-07-01T09:25:55+00:00","mainEntityOfPage":{"@id":"https:\/\/www.finnvacum.fi\/voitto-lidlin-pakkaustarinoita-kilpailussa\/"},"wordCount":77,"publisher":{"@id":"https:\/\/www.finnvacum.fi\/#organization"},"image":{"@id":"https:\/\/www.finnvacum.fi\/voitto-lidlin-pakkaustarinoita-kilpailussa\/#primaryimage"},"thumbnailUrl":"https:\/\/www.finnvacum.fi\/wp-content\/uploads\/2022\/05\/lidl-pakkaustarinoita-1024x576.jpg","articleSection":["Yleinen"],"inLanguage":"sv-SE"},{"@type":"WebPage","@id":"https:\/\/www.finnvacum.fi\/voitto-lidlin-pakkaustarinoita-kilpailussa\/","url":"https:\/\/www.finnvacum.fi\/voitto-lidlin-pakkaustarinoita-kilpailussa\/","name":"Voitto Lidlin Pakkaustarinoita-kilpailussa! - Finnvacum","isPartOf":{"@id":"https:\/\/www.finnvacum.fi\/#website"},"primaryImageOfPage":{"@id":"https:\/\/www.finnvacum.fi\/voitto-lidlin-pakkaustarinoita-kilpailussa\/#primaryimage"},"image":{"@id":"https:\/\/www.finnvacum.fi\/voitto-lidlin-pakkaustarinoita-kilpailussa\/#primaryimage"},"thumbnailUrl":"https:\/\/www.finnvacum.fi\/wp-content\/uploads\/2022\/05\/lidl-pakkaustarinoita-1024x576.jpg","datePublished":"2021-06-18T11:23:00+00:00","dateModified":"2022-07-01T09:25:55+00:00","breadcrumb":{"@id":"https:\/\/www.finnvacum.fi\/voitto-lidlin-pakkaustarinoita-kilpailussa\/#breadcrumb"},"inLanguage":"sv-SE","potentialAction":[{"@type":"ReadAction","target":["https:\/\/www.finnvacum.fi\/voitto-lidlin-pakkaustarinoita-kilpailussa\/"]}]},{"@type":"ImageObject","inLanguage":"sv-SE","@id":"https:\/\/www.finnvacum.fi\/voitto-lidlin-pakkaustarinoita-kilpailussa\/#primaryimage","url":"https:\/\/www.finnvacum.fi\/wp-content\/uploads\/2022\/05\/lidl-pakkaustarinoita-1024x576.jpg","contentUrl":"https:\/\/www.finnvacum.fi\/wp-content\/uploads\/2022\/05\/lidl-pakkaustarinoita-1024x576.jpg"},{"@type":"BreadcrumbList","@id":"https:\/\/www.finnvacum.fi\/voitto-lidlin-pakkaustarinoita-kilpailussa\/#breadcrumb","itemListElement":[{"@type":"ListItem","position":1,"name":"Etusivu","item":"https:\/\/www.finnvacum.fi\/"},{"@type":"ListItem","position":2,"name":"Voitto Lidlin Pakkaustarinoita-kilpailussa!"}]},{"@type":"WebSite","@id":"https:\/\/www.finnvacum.fi\/#website","url":"https:\/\/www.finnvacum.fi\/","name":"Finnvacum","description":"Elintarviketeollisuuden koneet ja materiaalit","publisher":{"@id":"https:\/\/www.finnvacum.fi\/#organization"},"potentialAction":[{"@type":"SearchAction","target":{"@type":"EntryPoint","urlTemplate":"https:\/\/www.finnvacum.fi\/?s={search_term_string}"},"query-input":{"@type":"PropertyValueSpecification","valueRequired":true,"valueName":"search_term_string"}}],"inLanguage":"sv-SE"},{"@type":"Organization","@id":"https:\/\/www.finnvacum.fi\/#organization","name":"Finnvacum Oy Ab","url":"https:\/\/www.finnvacum.fi\/","logo":{"@type":"ImageObject","inLanguage":"sv-SE","@id":"https:\/\/www.finnvacum.fi\/#\/schema\/logo\/image\/","url":"https:\/\/www.finnvacum.fi\/wp-content\/uploads\/2021\/05\/cropped-fv3to1.png","contentUrl":"https:\/\/www.finnvacum.fi\/wp-content\/uploads\/2021\/05\/cropped-fv3to1.png","width":600,"height":150,"caption":"Finnvacum Oy Ab"},"image":{"@id":"https:\/\/www.finnvacum.fi\/#\/schema\/logo\/image\/"},"sameAs":["https:\/\/www.facebook.com\/finnvacum\/","https:\/\/www.instagram.com\/finnvacum\/","https:\/\/fi.linkedin.com\/company\/finnvacum-oy-ab"]},{"@type":"Person","@id":"https:\/\/www.finnvacum.fi\/#\/schema\/person\/8491ce6427439075199ab7aac45a33ba","name":"Finnvacum","image":{"@type":"ImageObject","inLanguage":"sv-SE","@id":"https:\/\/www.finnvacum.fi\/#\/schema\/person\/image\/","url":"https:\/\/secure.gravatar.com\/avatar\/fccc51a8c8724848f3b84b13ca60d1407ea5ea8877b7ab6f9d9030a2f7c6226f?s=96&d=mm&r=g","contentUrl":"https:\/\/secure.gravatar.com\/avatar\/fccc51a8c8724848f3b84b13ca60d1407ea5ea8877b7ab6f9d9030a2f7c6226f?s=96&d=mm&r=g","caption":"Finnvacum"},"sameAs":["https:\/\/www.finnvacum.fi"]}]}},"uagb_featured_image_src":{"full":false,"thumbnail":false,"medium":false,"medium_large":false,"large":false,"1536x1536":false,"2048x2048":false,"trp-custom-language-flag":false,"neve-blog":false},"uagb_author_info":{"display_name":"Finnvacum","author_link":"https:\/\/www.finnvacum.fi\/sv\/author\/finnvacum\/"},"uagb_comment_info":0,"uagb_excerpt":"Finnvacumin tiimi, vet\u00e4jin\u00e4 Stefan K\u00e4mpe ja Mika V\u00e4is\u00e4nen, pokkasivat voiton Lidlin Pakkaustarinoita-kilpailussa 16.6.2021. Voitto tuli Kategoria 2 &#8211; 100 % kierr\u00e4tett\u00e4v\u00e4 pakkaus. Kilpailut\u00f6it\u00e4 saapui yli 80 yrityksest\u00e4, yhdistyksest\u00e4 ja opiskelijoilta. Hyvi\u00e4 ideoita mahtui finaaliin runsaasti, joten palkintosumma jaettiin viiden voittajan kesken tasan. Lis\u00e4ksi my\u00f6nnettiin raadin kunniamaininta ja valittiin yleis\u00f6n suosikki. Katso kilpailun finalistit ja voittajat&hellip;&nbsp;L\u00e4s&hellip;","_links":{"self":[{"href":"https:\/\/www.finnvacum.fi\/sv\/wp-json\/wp\/v2\/posts\/521","targetHints":{"allow":["GET"]}}],"collection":[{"href":"https:\/\/www.finnvacum.fi\/sv\/wp-json\/wp\/v2\/posts"}],"about":[{"href":"https:\/\/www.finnvacum.fi\/sv\/wp-json\/wp\/v2\/types\/post"}],"author":[{"embeddable":true,"href":"https:\/\/www.finnvacum.fi\/sv\/wp-json\/wp\/v2\/users\/1"}],"replies":[{"embeddable":true,"href":"https:\/\/www.finnvacum.fi\/sv\/wp-json\/wp\/v2\/comments?post=521"}],"version-history":[{"count":1,"href":"https:\/\/www.finnvacum.fi\/sv\/wp-json\/wp\/v2\/posts\/521\/revisions"}],"predecessor-version":[{"id":7059,"href":"https:\/\/www.finnvacum.fi\/sv\/wp-json\/wp\/v2\/posts\/521\/revisions\/7059"}],"wp:attachment":[{"href":"https:\/\/www.finnvacum.fi\/sv\/wp-json\/wp\/v2\/media?parent=521"}],"wp:term":[{"taxonomy":"category","embeddable":true,"href":"https:\/\/www.finnvacum.fi\/sv\/wp-json\/wp\/v2\/categories?post=521"},{"taxonomy":"post_tag","embeddable":true,"href":"https:\/\/www.finnvacum.fi\/sv\/wp-json\/wp\/v2\/tags?post=521"}],"curies":[{"name":"wp","href":"https:\/\/api.w.org\/{rel}","templated":true}]}}