{"id":7312,"date":"2023-04-27T11:35:29","date_gmt":"2023-04-27T08:35:29","guid":{"rendered":"https:\/\/www.finnvacum.fi\/?p=7312"},"modified":"2023-04-27T11:36:18","modified_gmt":"2023-04-27T08:36:18","slug":"interpack-2023","status":"publish","type":"post","link":"https:\/\/www.finnvacum.fi\/en\/interpack-2023\/","title":{"rendered":"We are attending Interpack 4.\u201310.5.2023!"},"content":{"rendered":"<p>Interpack is one of the world's leading trade fairs when it comes to packages and packaging processes. It is arranged every third year in D\u00fcsseldorf, Germany. This year Interpack will take place 4.\u201310.5. The event is for professionals of the packaging industry, where the newest innovations and technologies from all the different areas of the packaging sector are presented.<\/p>\n\n\n\n<p>You can find us at our suppliers\u2019 stands:<\/p>\n\n\n\n<figure class=\"wp-block-image size-full\"><a href=\"https:\/\/www.interpack.com\/\" target=\"_blank\" rel=\"noreferrer noopener\"><img loading=\"lazy\" decoding=\"async\" width=\"1000\" height=\"705\" src=\"https:\/\/www.finnvacum.fi\/wp-content\/uploads\/2023\/04\/interpack_2023.jpg\" alt=\"\" class=\"wp-image-7313\" srcset=\"https:\/\/www.finnvacum.fi\/wp-content\/uploads\/2023\/04\/interpack_2023.jpg 1000w, https:\/\/www.finnvacum.fi\/wp-content\/uploads\/2023\/04\/interpack_2023-300x212.jpg 300w, https:\/\/www.finnvacum.fi\/wp-content\/uploads\/2023\/04\/interpack_2023-768x541.jpg 768w, https:\/\/www.finnvacum.fi\/wp-content\/uploads\/2023\/04\/interpack_2023-18x12.jpg 18w\" sizes=\"auto, (max-width: 1000px) 100vw, 1000px\" \/><\/a><\/figure>\n\n\n\n<div style=\"height:20px\" aria-hidden=\"true\" class=\"wp-block-spacer\"><\/div>\n\n\n\n<div style=\"height:10px\" aria-hidden=\"true\" class=\"wp-block-spacer\"><\/div>\n\n\n\n<figure class=\"wp-block-image size-full is-resized fv-inlineblock\"><a href=\"https:\/\/www.henkelman.com\/\" target=\"_blank\" rel=\"noreferrer noopener\"><img loading=\"lazy\" decoding=\"async\" src=\"https:\/\/www.finnvacum.fi\/wp-content\/uploads\/2021\/06\/henkelman-vakuumikammiokoneet-logo.jpg\" alt=\"Henkelman vakuumikammiokoneet\" class=\"wp-image-443\" width=\"118\" height=\"28\" srcset=\"https:\/\/www.finnvacum.fi\/wp-content\/uploads\/2021\/06\/henkelman-vakuumikammiokoneet-logo.jpg 350w, https:\/\/www.finnvacum.fi\/wp-content\/uploads\/2021\/06\/henkelman-vakuumikammiokoneet-logo-300x70.jpg 300w\" sizes=\"auto, (max-width: 118px) 100vw, 118px\" \/><\/a><\/figure>\n\n\n\n<figure class=\"wp-block-image size-full is-resized fv-inlineblock\"><a href=\"https:\/\/www.supervac.at\/?lang=en\" target=\"_blank\" rel=\"noreferrer noopener\"><img loading=\"lazy\" decoding=\"async\" src=\"https:\/\/www.finnvacum.fi\/wp-content\/uploads\/2021\/06\/supervac-nauhakammiokoneet-logo.jpg\" alt=\"Supervac nauhakammiokoneet\" class=\"wp-image-418\" width=\"119\" height=\"33\" srcset=\"https:\/\/www.finnvacum.fi\/wp-content\/uploads\/2021\/06\/supervac-nauhakammiokoneet-logo.jpg 350w, https:\/\/www.finnvacum.fi\/wp-content\/uploads\/2021\/06\/supervac-nauhakammiokoneet-logo-300x85.jpg 300w\" sizes=\"auto, (max-width: 119px) 100vw, 119px\" \/><\/a><\/figure>\n\n\n\n<figure class=\"wp-block-image size-full is-resized fv-inlineblock\"><a href=\"https:\/\/en.ilpra.com\/\" target=\"_blank\" rel=\"noreferrer noopener\"><img loading=\"lazy\" decoding=\"async\" src=\"https:\/\/www.finnvacum.fi\/wp-content\/uploads\/2021\/06\/logo-ilpra-kulhopakkauskoneet.jpg\" alt=\"Ilpra kulhopakkauskoneet\" class=\"wp-image-442\" width=\"99\" height=\"28\" srcset=\"https:\/\/www.finnvacum.fi\/wp-content\/uploads\/2021\/06\/logo-ilpra-kulhopakkauskoneet.jpg 350w, https:\/\/www.finnvacum.fi\/wp-content\/uploads\/2021\/06\/logo-ilpra-kulhopakkauskoneet-300x86.jpg 300w\" sizes=\"auto, (max-width: 99px) 100vw, 99px\" \/><\/a><\/figure>\n\n\n\n<figure class=\"wp-block-image size-full is-resized fv-inlineblock\"><a href=\"https:\/\/www.variovac.de\/en\/\" target=\"_blank\" rel=\"noreferrer noopener\"><img loading=\"lazy\" decoding=\"async\" src=\"https:\/\/www.finnvacum.fi\/wp-content\/uploads\/2021\/06\/variovac-logo.jpg\" alt=\"\" class=\"wp-image-408\" width=\"112\" height=\"22\" srcset=\"https:\/\/www.finnvacum.fi\/wp-content\/uploads\/2021\/06\/variovac-logo.jpg 350w, https:\/\/www.finnvacum.fi\/wp-content\/uploads\/2021\/06\/variovac-logo-300x60.jpg 300w\" sizes=\"auto, (max-width: 112px) 100vw, 112px\" \/><\/a><\/figure>\n\n\n\n<figure class=\"wp-block-image size-full is-resized fv-inlineblock\"><a href=\"https:\/\/www.fuji-machinery.com\/\" target=\"_blank\" rel=\"noreferrer noopener\"><img loading=\"lazy\" decoding=\"async\" src=\"https:\/\/www.finnvacum.fi\/wp-content\/uploads\/2021\/06\/fuji-logo.jpg\" alt=\"Fuji flowpack-koneet\" class=\"wp-image-432\" width=\"94\" height=\"33\" srcset=\"https:\/\/www.finnvacum.fi\/wp-content\/uploads\/2021\/06\/fuji-logo.jpg 350w, https:\/\/www.finnvacum.fi\/wp-content\/uploads\/2021\/06\/fuji-logo-300x102.jpg 300w\" sizes=\"auto, (max-width: 94px) 100vw, 94px\" \/><\/a><\/figure>\n\n\n\n<figure class=\"wp-block-image size-full is-resized fv-inlineblock\"><a href=\"https:\/\/tecnopool.it\/en\/\" target=\"_blank\" rel=\"noreferrer noopener\"><img loading=\"lazy\" decoding=\"async\" src=\"https:\/\/www.finnvacum.fi\/wp-content\/uploads\/2023\/04\/tecnopool-logo.jpg\" alt=\"\" class=\"wp-image-7314\" width=\"132\" height=\"33\" srcset=\"https:\/\/www.finnvacum.fi\/wp-content\/uploads\/2023\/04\/tecnopool-logo.jpg 349w, https:\/\/www.finnvacum.fi\/wp-content\/uploads\/2023\/04\/tecnopool-logo-300x78.jpg 300w, https:\/\/www.finnvacum.fi\/wp-content\/uploads\/2023\/04\/tecnopool-logo-18x5.jpg 18w\" sizes=\"auto, (max-width: 132px) 100vw, 132px\" \/><\/a><\/figure>\n\n\n\n<figure class=\"wp-block-image size-full is-resized fv-inlineblock\"><a href=\"https:\/\/www.cabinplant.com\/\" target=\"_blank\" rel=\"noreferrer noopener\"><img loading=\"lazy\" decoding=\"async\" src=\"https:\/\/www.finnvacum.fi\/wp-content\/uploads\/2021\/06\/cabinplant-logo.jpg\" alt=\"\" class=\"wp-image-409\" width=\"104\" height=\"27\" srcset=\"https:\/\/www.finnvacum.fi\/wp-content\/uploads\/2021\/06\/cabinplant-logo.jpg 349w, https:\/\/www.finnvacum.fi\/wp-content\/uploads\/2021\/06\/cabinplant-logo-300x78.jpg 300w\" sizes=\"auto, (max-width: 104px) 100vw, 104px\" \/><\/a><\/figure>\n\n\n\n<figure class=\"wp-block-image size-full is-resized fv-inlineblock\"><a href=\"https:\/\/marel.com\/en\" target=\"_blank\" rel=\"noreferrer noopener\"><img loading=\"lazy\" decoding=\"async\" src=\"https:\/\/www.finnvacum.fi\/wp-content\/uploads\/2021\/06\/marel-logo.jpg\" alt=\"Marel kalanjalostus ja viipalointi\" class=\"wp-image-425\" width=\"101\" height=\"24\" srcset=\"https:\/\/www.finnvacum.fi\/wp-content\/uploads\/2021\/06\/marel-logo.jpg 350w, https:\/\/www.finnvacum.fi\/wp-content\/uploads\/2021\/06\/marel-logo-300x72.jpg 300w\" sizes=\"auto, (max-width: 101px) 100vw, 101px\" \/><\/a><\/figure>\n\n\n\n<figure class=\"wp-block-image size-full is-resized fv-inlineblock\"><a href=\"https:\/\/www.digisystem.com\/uk\/\" target=\"_blank\" rel=\"noreferrer noopener\"><img loading=\"lazy\" decoding=\"async\" src=\"https:\/\/www.finnvacum.fi\/wp-content\/uploads\/2023\/02\/digi-punnitus-ja-merkintalaitteita-logo.jpg\" alt=\"\" class=\"wp-image-7276\" width=\"85\" height=\"46\" srcset=\"https:\/\/www.finnvacum.fi\/wp-content\/uploads\/2023\/02\/digi-punnitus-ja-merkintalaitteita-logo.jpg 350w, https:\/\/www.finnvacum.fi\/wp-content\/uploads\/2023\/02\/digi-punnitus-ja-merkintalaitteita-logo-300x165.jpg 300w, https:\/\/www.finnvacum.fi\/wp-content\/uploads\/2023\/02\/digi-punnitus-ja-merkintalaitteita-logo-18x10.jpg 18w\" sizes=\"auto, (max-width: 85px) 100vw, 85px\" \/><\/a><\/figure>\n\n\n\n<figure class=\"wp-block-image size-full is-resized fv-inlineblock\"><a href=\"https:\/\/www.ravenwood.co.uk\/\" target=\"_blank\" rel=\"noreferrer noopener\"><img loading=\"lazy\" decoding=\"async\" src=\"https:\/\/www.finnvacum.fi\/wp-content\/uploads\/2021\/06\/ravenwood-logo.jpg\" alt=\"Ravenwood Packaging vy\u00f6te-etiket\u00f6inti\" class=\"wp-image-439\" width=\"96\" height=\"57\" srcset=\"https:\/\/www.finnvacum.fi\/wp-content\/uploads\/2021\/06\/ravenwood-logo.jpg 350w, https:\/\/www.finnvacum.fi\/wp-content\/uploads\/2021\/06\/ravenwood-logo-300x177.jpg 300w\" sizes=\"auto, (max-width: 96px) 100vw, 96px\" \/><\/a><\/figure>\n\n\n\n<figure class=\"wp-block-image size-full is-resized fv-inlineblock\"><a href=\"https:\/\/www.wittgas.com\/us\/\" target=\"_blank\" rel=\"noreferrer noopener\"><img loading=\"lazy\" decoding=\"async\" src=\"https:\/\/www.finnvacum.fi\/wp-content\/uploads\/2021\/06\/witt-logo.jpg\" alt=\"Witt suojakaasulaitteet\" class=\"wp-image-426\" width=\"96\" height=\"36\" srcset=\"https:\/\/www.finnvacum.fi\/wp-content\/uploads\/2021\/06\/witt-logo.jpg 350w, https:\/\/www.finnvacum.fi\/wp-content\/uploads\/2021\/06\/witt-logo-300x114.jpg 300w\" sizes=\"auto, (max-width: 96px) 100vw, 96px\" \/><\/a><\/figure>\n\n\n\n<figure class=\"wp-block-image size-full is-resized fv-inlineblock\"><a href=\"https:\/\/www.mt.com\/int\/en\/home.html\" target=\"_blank\" rel=\"noreferrer noopener\"><img loading=\"lazy\" decoding=\"async\" src=\"https:\/\/www.finnvacum.fi\/wp-content\/uploads\/2021\/06\/mettler-toledo-logo.jpg\" alt=\"Mettler Toledo l\u00e4pivalaisulaitteet\" class=\"wp-image-415\" width=\"85\" height=\"50\" srcset=\"https:\/\/www.finnvacum.fi\/wp-content\/uploads\/2021\/06\/mettler-toledo-logo.jpg 350w, https:\/\/www.finnvacum.fi\/wp-content\/uploads\/2021\/06\/mettler-toledo-logo-300x174.jpg 300w\" sizes=\"auto, (max-width: 85px) 100vw, 85px\" \/><\/a><\/figure>\n\n\n\n<div style=\"height:25px\" aria-hidden=\"true\" class=\"wp-block-spacer\"><\/div>\n\n\n\n<p>See you in D\u00fcsseldorf!<\/p>","protected":false},"excerpt":{"rendered":"<p>Interpack on yksi maailman johtavista pakkauksien ja pakkausprosessien messutapahtumista. Se j\u00e4rjestet\u00e4\u00e4n joka kolmas vuosi D\u00fcsseldorfissa, Saksassa. T\u00e4n\u00e4 vuonna Interpack-messut j\u00e4rjestet\u00e4\u00e4n 4.\u201310. toukokuuta. Tapahtuma on suunnattu pakkausteollisuuden ammattilaisille, ja siell\u00e4 esitell\u00e4\u00e4n uusimpia innovaatioita ja teknologioita pakkausalan eri osa-alueilta. L\u00f6yd\u00e4t meid\u00e4t p\u00e4\u00e4miestemme osastoilla: N\u00e4hd\u00e4\u00e4n D\u00fcsseldorfissa!<\/p>","protected":false},"author":1,"featured_media":0,"comment_status":"closed","ping_status":"open","sticky":false,"template":"","format":"standard","meta":{"inline_featured_image":false,"neve_meta_sidebar":"","neve_meta_container":"","neve_meta_enable_content_width":"","neve_meta_content_width":0,"neve_meta_title_alignment":"","neve_meta_author_avatar":"","neve_post_elements_order":"","neve_meta_disable_header":"","neve_meta_disable_footer":"","neve_meta_disable_title":"","footnotes":""},"categories":[1],"tags":[],"class_list":["post-7312","post","type-post","status-publish","format-standard","hentry","category-yleinen"],"yoast_head":"<!-- This site is optimized with the Yoast SEO plugin v25.1 - https:\/\/yoast.com\/wordpress\/plugins\/seo\/ -->\n<title>Olemme mukana Interpack-messuilla 4.\u201310.5.2023! - Finnvacum<\/title>\n<meta name=\"robots\" content=\"index, follow, max-snippet:-1, max-image-preview:large, max-video-preview:-1\" \/>\n<link rel=\"canonical\" href=\"https:\/\/www.finnvacum.fi\/en\/interpack-2023\/\" \/>\n<meta property=\"og:locale\" content=\"en_GB\" \/>\n<meta property=\"og:type\" content=\"article\" \/>\n<meta property=\"og:title\" content=\"Olemme mukana Interpack-messuilla 4.\u201310.5.2023! - Finnvacum\" \/>\n<meta property=\"og:description\" content=\"Interpack on yksi maailman johtavista pakkauksien ja pakkausprosessien messutapahtumista. Se j\u00e4rjestet\u00e4\u00e4n joka kolmas vuosi D\u00fcsseldorfissa, Saksassa. T\u00e4n\u00e4 vuonna Interpack-messut j\u00e4rjestet\u00e4\u00e4n 4.\u201310. toukokuuta. Tapahtuma on suunnattu pakkausteollisuuden ammattilaisille, ja siell\u00e4 esitell\u00e4\u00e4n uusimpia innovaatioita ja teknologioita pakkausalan eri osa-alueilta. L\u00f6yd\u00e4t meid\u00e4t p\u00e4\u00e4miestemme osastoilla: N\u00e4hd\u00e4\u00e4n D\u00fcsseldorfissa!\" \/>\n<meta property=\"og:url\" content=\"https:\/\/www.finnvacum.fi\/en\/interpack-2023\/\" \/>\n<meta property=\"og:site_name\" content=\"Finnvacum\" \/>\n<meta property=\"article:publisher\" content=\"https:\/\/www.facebook.com\/finnvacum\/\" \/>\n<meta property=\"article:published_time\" content=\"2023-04-27T08:35:29+00:00\" \/>\n<meta property=\"article:modified_time\" content=\"2023-04-27T08:36:18+00:00\" \/>\n<meta property=\"og:image\" content=\"https:\/\/www.finnvacum.fi\/wp-content\/uploads\/2023\/04\/interpack_2023.jpg\" \/>\n<meta name=\"author\" content=\"Finnvacum\" \/>\n<meta name=\"twitter:card\" content=\"summary_large_image\" \/>\n<meta name=\"twitter:label1\" content=\"Written by\" \/>\n\t<meta name=\"twitter:data1\" content=\"Finnvacum\" \/>\n<script type=\"application\/ld+json\" class=\"yoast-schema-graph\">{\"@context\":\"https:\/\/schema.org\",\"@graph\":[{\"@type\":\"Article\",\"@id\":\"https:\/\/www.finnvacum.fi\/interpack-2023\/#article\",\"isPartOf\":{\"@id\":\"https:\/\/www.finnvacum.fi\/interpack-2023\/\"},\"author\":{\"name\":\"Finnvacum\",\"@id\":\"https:\/\/www.finnvacum.fi\/#\/schema\/person\/8491ce6427439075199ab7aac45a33ba\"},\"headline\":\"Olemme mukana Interpack-messuilla 4.\u201310.5.2023!\",\"datePublished\":\"2023-04-27T08:35:29+00:00\",\"dateModified\":\"2023-04-27T08:36:18+00:00\",\"mainEntityOfPage\":{\"@id\":\"https:\/\/www.finnvacum.fi\/interpack-2023\/\"},\"wordCount\":59,\"publisher\":{\"@id\":\"https:\/\/www.finnvacum.fi\/#organization\"},\"image\":{\"@id\":\"https:\/\/www.finnvacum.fi\/interpack-2023\/#primaryimage\"},\"thumbnailUrl\":\"https:\/\/www.finnvacum.fi\/wp-content\/uploads\/2023\/04\/interpack_2023.jpg\",\"articleSection\":[\"Yleinen\"],\"inLanguage\":\"en-GB\"},{\"@type\":\"WebPage\",\"@id\":\"https:\/\/www.finnvacum.fi\/interpack-2023\/\",\"url\":\"https:\/\/www.finnvacum.fi\/interpack-2023\/\",\"name\":\"Olemme mukana Interpack-messuilla 4.\u201310.5.2023! - Finnvacum\",\"isPartOf\":{\"@id\":\"https:\/\/www.finnvacum.fi\/#website\"},\"primaryImageOfPage\":{\"@id\":\"https:\/\/www.finnvacum.fi\/interpack-2023\/#primaryimage\"},\"image\":{\"@id\":\"https:\/\/www.finnvacum.fi\/interpack-2023\/#primaryimage\"},\"thumbnailUrl\":\"https:\/\/www.finnvacum.fi\/wp-content\/uploads\/2023\/04\/interpack_2023.jpg\",\"datePublished\":\"2023-04-27T08:35:29+00:00\",\"dateModified\":\"2023-04-27T08:36:18+00:00\",\"breadcrumb\":{\"@id\":\"https:\/\/www.finnvacum.fi\/interpack-2023\/#breadcrumb\"},\"inLanguage\":\"en-GB\",\"potentialAction\":[{\"@type\":\"ReadAction\",\"target\":[\"https:\/\/www.finnvacum.fi\/interpack-2023\/\"]}]},{\"@type\":\"ImageObject\",\"inLanguage\":\"en-GB\",\"@id\":\"https:\/\/www.finnvacum.fi\/interpack-2023\/#primaryimage\",\"url\":\"https:\/\/www.finnvacum.fi\/wp-content\/uploads\/2023\/04\/interpack_2023.jpg\",\"contentUrl\":\"https:\/\/www.finnvacum.fi\/wp-content\/uploads\/2023\/04\/interpack_2023.jpg\"},{\"@type\":\"BreadcrumbList\",\"@id\":\"https:\/\/www.finnvacum.fi\/interpack-2023\/#breadcrumb\",\"itemListElement\":[{\"@type\":\"ListItem\",\"position\":1,\"name\":\"Etusivu\",\"item\":\"https:\/\/www.finnvacum.fi\/\"},{\"@type\":\"ListItem\",\"position\":2,\"name\":\"Olemme mukana Interpack-messuilla 4.\u201310.5.2023!\"}]},{\"@type\":\"WebSite\",\"@id\":\"https:\/\/www.finnvacum.fi\/#website\",\"url\":\"https:\/\/www.finnvacum.fi\/\",\"name\":\"Finnvacum\",\"description\":\"Elintarviketeollisuuden koneet ja materiaalit\",\"publisher\":{\"@id\":\"https:\/\/www.finnvacum.fi\/#organization\"},\"potentialAction\":[{\"@type\":\"SearchAction\",\"target\":{\"@type\":\"EntryPoint\",\"urlTemplate\":\"https:\/\/www.finnvacum.fi\/?s={search_term_string}\"},\"query-input\":{\"@type\":\"PropertyValueSpecification\",\"valueRequired\":true,\"valueName\":\"search_term_string\"}}],\"inLanguage\":\"en-GB\"},{\"@type\":\"Organization\",\"@id\":\"https:\/\/www.finnvacum.fi\/#organization\",\"name\":\"Finnvacum Oy Ab\",\"url\":\"https:\/\/www.finnvacum.fi\/\",\"logo\":{\"@type\":\"ImageObject\",\"inLanguage\":\"en-GB\",\"@id\":\"https:\/\/www.finnvacum.fi\/#\/schema\/logo\/image\/\",\"url\":\"https:\/\/www.finnvacum.fi\/wp-content\/uploads\/2021\/05\/cropped-fv3to1.png\",\"contentUrl\":\"https:\/\/www.finnvacum.fi\/wp-content\/uploads\/2021\/05\/cropped-fv3to1.png\",\"width\":600,\"height\":150,\"caption\":\"Finnvacum Oy Ab\"},\"image\":{\"@id\":\"https:\/\/www.finnvacum.fi\/#\/schema\/logo\/image\/\"},\"sameAs\":[\"https:\/\/www.facebook.com\/finnvacum\/\",\"https:\/\/www.instagram.com\/finnvacum\/\",\"https:\/\/fi.linkedin.com\/company\/finnvacum-oy-ab\"]},{\"@type\":\"Person\",\"@id\":\"https:\/\/www.finnvacum.fi\/#\/schema\/person\/8491ce6427439075199ab7aac45a33ba\",\"name\":\"Finnvacum\",\"image\":{\"@type\":\"ImageObject\",\"inLanguage\":\"en-GB\",\"@id\":\"https:\/\/www.finnvacum.fi\/#\/schema\/person\/image\/\",\"url\":\"https:\/\/secure.gravatar.com\/avatar\/fccc51a8c8724848f3b84b13ca60d1407ea5ea8877b7ab6f9d9030a2f7c6226f?s=96&d=mm&r=g\",\"contentUrl\":\"https:\/\/secure.gravatar.com\/avatar\/fccc51a8c8724848f3b84b13ca60d1407ea5ea8877b7ab6f9d9030a2f7c6226f?s=96&d=mm&r=g\",\"caption\":\"Finnvacum\"},\"sameAs\":[\"https:\/\/www.finnvacum.fi\"]}]}<\/script>\n<!-- \/ Yoast SEO plugin. -->","yoast_head_json":{"title":"Olemme mukana Interpack-messuilla 4.\u201310.5.2023! - Finnvacum","robots":{"index":"index","follow":"follow","max-snippet":"max-snippet:-1","max-image-preview":"max-image-preview:large","max-video-preview":"max-video-preview:-1"},"canonical":"https:\/\/www.finnvacum.fi\/en\/interpack-2023\/","og_locale":"en_GB","og_type":"article","og_title":"Olemme mukana Interpack-messuilla 4.\u201310.5.2023! - Finnvacum","og_description":"Interpack on yksi maailman johtavista pakkauksien ja pakkausprosessien messutapahtumista. Se j\u00e4rjestet\u00e4\u00e4n joka kolmas vuosi D\u00fcsseldorfissa, Saksassa. T\u00e4n\u00e4 vuonna Interpack-messut j\u00e4rjestet\u00e4\u00e4n 4.\u201310. toukokuuta. Tapahtuma on suunnattu pakkausteollisuuden ammattilaisille, ja siell\u00e4 esitell\u00e4\u00e4n uusimpia innovaatioita ja teknologioita pakkausalan eri osa-alueilta. L\u00f6yd\u00e4t meid\u00e4t p\u00e4\u00e4miestemme osastoilla: N\u00e4hd\u00e4\u00e4n D\u00fcsseldorfissa!","og_url":"https:\/\/www.finnvacum.fi\/en\/interpack-2023\/","og_site_name":"Finnvacum","article_publisher":"https:\/\/www.facebook.com\/finnvacum\/","article_published_time":"2023-04-27T08:35:29+00:00","article_modified_time":"2023-04-27T08:36:18+00:00","og_image":[{"url":"https:\/\/www.finnvacum.fi\/wp-content\/uploads\/2023\/04\/interpack_2023.jpg","type":"","width":"","height":""}],"author":"Finnvacum","twitter_card":"summary_large_image","twitter_misc":{"Written by":"Finnvacum"},"schema":{"@context":"https:\/\/schema.org","@graph":[{"@type":"Article","@id":"https:\/\/www.finnvacum.fi\/interpack-2023\/#article","isPartOf":{"@id":"https:\/\/www.finnvacum.fi\/interpack-2023\/"},"author":{"name":"Finnvacum","@id":"https:\/\/www.finnvacum.fi\/#\/schema\/person\/8491ce6427439075199ab7aac45a33ba"},"headline":"Olemme mukana Interpack-messuilla 4.\u201310.5.2023!","datePublished":"2023-04-27T08:35:29+00:00","dateModified":"2023-04-27T08:36:18+00:00","mainEntityOfPage":{"@id":"https:\/\/www.finnvacum.fi\/interpack-2023\/"},"wordCount":59,"publisher":{"@id":"https:\/\/www.finnvacum.fi\/#organization"},"image":{"@id":"https:\/\/www.finnvacum.fi\/interpack-2023\/#primaryimage"},"thumbnailUrl":"https:\/\/www.finnvacum.fi\/wp-content\/uploads\/2023\/04\/interpack_2023.jpg","articleSection":["Yleinen"],"inLanguage":"en-GB"},{"@type":"WebPage","@id":"https:\/\/www.finnvacum.fi\/interpack-2023\/","url":"https:\/\/www.finnvacum.fi\/interpack-2023\/","name":"Olemme mukana Interpack-messuilla 4.\u201310.5.2023! - Finnvacum","isPartOf":{"@id":"https:\/\/www.finnvacum.fi\/#website"},"primaryImageOfPage":{"@id":"https:\/\/www.finnvacum.fi\/interpack-2023\/#primaryimage"},"image":{"@id":"https:\/\/www.finnvacum.fi\/interpack-2023\/#primaryimage"},"thumbnailUrl":"https:\/\/www.finnvacum.fi\/wp-content\/uploads\/2023\/04\/interpack_2023.jpg","datePublished":"2023-04-27T08:35:29+00:00","dateModified":"2023-04-27T08:36:18+00:00","breadcrumb":{"@id":"https:\/\/www.finnvacum.fi\/interpack-2023\/#breadcrumb"},"inLanguage":"en-GB","potentialAction":[{"@type":"ReadAction","target":["https:\/\/www.finnvacum.fi\/interpack-2023\/"]}]},{"@type":"ImageObject","inLanguage":"en-GB","@id":"https:\/\/www.finnvacum.fi\/interpack-2023\/#primaryimage","url":"https:\/\/www.finnvacum.fi\/wp-content\/uploads\/2023\/04\/interpack_2023.jpg","contentUrl":"https:\/\/www.finnvacum.fi\/wp-content\/uploads\/2023\/04\/interpack_2023.jpg"},{"@type":"BreadcrumbList","@id":"https:\/\/www.finnvacum.fi\/interpack-2023\/#breadcrumb","itemListElement":[{"@type":"ListItem","position":1,"name":"Etusivu","item":"https:\/\/www.finnvacum.fi\/"},{"@type":"ListItem","position":2,"name":"Olemme mukana Interpack-messuilla 4.\u201310.5.2023!"}]},{"@type":"WebSite","@id":"https:\/\/www.finnvacum.fi\/#website","url":"https:\/\/www.finnvacum.fi\/","name":"Finnvacum","description":"Elintarviketeollisuuden koneet ja materiaalit","publisher":{"@id":"https:\/\/www.finnvacum.fi\/#organization"},"potentialAction":[{"@type":"SearchAction","target":{"@type":"EntryPoint","urlTemplate":"https:\/\/www.finnvacum.fi\/?s={search_term_string}"},"query-input":{"@type":"PropertyValueSpecification","valueRequired":true,"valueName":"search_term_string"}}],"inLanguage":"en-GB"},{"@type":"Organization","@id":"https:\/\/www.finnvacum.fi\/#organization","name":"Finnvacum Oy Ab","url":"https:\/\/www.finnvacum.fi\/","logo":{"@type":"ImageObject","inLanguage":"en-GB","@id":"https:\/\/www.finnvacum.fi\/#\/schema\/logo\/image\/","url":"https:\/\/www.finnvacum.fi\/wp-content\/uploads\/2021\/05\/cropped-fv3to1.png","contentUrl":"https:\/\/www.finnvacum.fi\/wp-content\/uploads\/2021\/05\/cropped-fv3to1.png","width":600,"height":150,"caption":"Finnvacum Oy Ab"},"image":{"@id":"https:\/\/www.finnvacum.fi\/#\/schema\/logo\/image\/"},"sameAs":["https:\/\/www.facebook.com\/finnvacum\/","https:\/\/www.instagram.com\/finnvacum\/","https:\/\/fi.linkedin.com\/company\/finnvacum-oy-ab"]},{"@type":"Person","@id":"https:\/\/www.finnvacum.fi\/#\/schema\/person\/8491ce6427439075199ab7aac45a33ba","name":"Finnvacum","image":{"@type":"ImageObject","inLanguage":"en-GB","@id":"https:\/\/www.finnvacum.fi\/#\/schema\/person\/image\/","url":"https:\/\/secure.gravatar.com\/avatar\/fccc51a8c8724848f3b84b13ca60d1407ea5ea8877b7ab6f9d9030a2f7c6226f?s=96&d=mm&r=g","contentUrl":"https:\/\/secure.gravatar.com\/avatar\/fccc51a8c8724848f3b84b13ca60d1407ea5ea8877b7ab6f9d9030a2f7c6226f?s=96&d=mm&r=g","caption":"Finnvacum"},"sameAs":["https:\/\/www.finnvacum.fi"]}]}},"uagb_featured_image_src":{"full":false,"thumbnail":false,"medium":false,"medium_large":false,"large":false,"1536x1536":false,"2048x2048":false,"trp-custom-language-flag":false,"neve-blog":false},"uagb_author_info":{"display_name":"Finnvacum","author_link":"https:\/\/www.finnvacum.fi\/en\/author\/finnvacum\/"},"uagb_comment_info":1,"uagb_excerpt":"Interpack on yksi maailman johtavista pakkauksien ja pakkausprosessien messutapahtumista. Se j\u00e4rjestet\u00e4\u00e4n joka kolmas vuosi D\u00fcsseldorfissa, Saksassa. T\u00e4n\u00e4 vuonna Interpack-messut j\u00e4rjestet\u00e4\u00e4n 4.\u201310. toukokuuta. Tapahtuma on suunnattu pakkausteollisuuden ammattilaisille, ja siell\u00e4 esitell\u00e4\u00e4n uusimpia innovaatioita ja teknologioita pakkausalan eri osa-alueilta. L\u00f6yd\u00e4t meid\u00e4t p\u00e4\u00e4miestemme osastoilla: N\u00e4hd\u00e4\u00e4n D\u00fcsseldorfissa!","_links":{"self":[{"href":"https:\/\/www.finnvacum.fi\/en\/wp-json\/wp\/v2\/posts\/7312","targetHints":{"allow":["GET"]}}],"collection":[{"href":"https:\/\/www.finnvacum.fi\/en\/wp-json\/wp\/v2\/posts"}],"about":[{"href":"https:\/\/www.finnvacum.fi\/en\/wp-json\/wp\/v2\/types\/post"}],"author":[{"embeddable":true,"href":"https:\/\/www.finnvacum.fi\/en\/wp-json\/wp\/v2\/users\/1"}],"replies":[{"embeddable":true,"href":"https:\/\/www.finnvacum.fi\/en\/wp-json\/wp\/v2\/comments?post=7312"}],"version-history":[{"count":27,"href":"https:\/\/www.finnvacum.fi\/en\/wp-json\/wp\/v2\/posts\/7312\/revisions"}],"predecessor-version":[{"id":7349,"href":"https:\/\/www.finnvacum.fi\/en\/wp-json\/wp\/v2\/posts\/7312\/revisions\/7349"}],"wp:attachment":[{"href":"https:\/\/www.finnvacum.fi\/en\/wp-json\/wp\/v2\/media?parent=7312"}],"wp:term":[{"taxonomy":"category","embeddable":true,"href":"https:\/\/www.finnvacum.fi\/en\/wp-json\/wp\/v2\/categories?post=7312"},{"taxonomy":"post_tag","embeddable":true,"href":"https:\/\/www.finnvacum.fi\/en\/wp-json\/wp\/v2\/tags?post=7312"}],"curies":[{"name":"wp","href":"https:\/\/api.w.org\/{rel}","templated":true}]}}