{"id":7167,"date":"2022-10-04T12:22:51","date_gmt":"2022-10-04T09:22:51","guid":{"rendered":"https:\/\/www.finnvacum.fi\/?p=7167"},"modified":"2022-10-04T12:24:11","modified_gmt":"2022-10-04T09:24:11","slug":"olemme-mukana-scanpack-messuilla-4-7-10-2022","status":"publish","type":"post","link":"https:\/\/www.finnvacum.fi\/en\/olemme-mukana-scanpack-messuilla-4-7-10-2022\/","title":{"rendered":"We are attending Scanpack 4-7.10.2022!"},"content":{"rendered":"<figure class=\"wp-block-image size-full\"><img loading=\"lazy\" decoding=\"async\" width=\"1000\" height=\"300\" src=\"https:\/\/www.finnvacum.fi\/wp-content\/uploads\/2022\/10\/scanpack-en10-1.jpg\" alt=\"\" class=\"wp-image-7168\" srcset=\"https:\/\/www.finnvacum.fi\/wp-content\/uploads\/2022\/10\/scanpack-en10-1.jpg 1000w, https:\/\/www.finnvacum.fi\/wp-content\/uploads\/2022\/10\/scanpack-en10-1-300x90.jpg 300w, https:\/\/www.finnvacum.fi\/wp-content\/uploads\/2022\/10\/scanpack-en10-1-768x230.jpg 768w, https:\/\/www.finnvacum.fi\/wp-content\/uploads\/2022\/10\/scanpack-en10-1-18x5.jpg 18w\" sizes=\"auto, (max-width: 1000px) 100vw, 1000px\" \/><\/figure>\n\n\n\n<p>Place: Swedish Exhibition &amp; Congress Centre, Gothenburg, Sweden.<br>Stand: <strong>B08:22<\/strong>. Welcome!<\/p>\n\n\n\n<figure class=\"wp-block-image size-full is-resized\"><img loading=\"lazy\" decoding=\"async\" src=\"https:\/\/www.finnvacum.fi\/wp-content\/uploads\/2022\/10\/scanpack.jpg\" alt=\"\" class=\"wp-image-7173\" width=\"414\" height=\"444\" srcset=\"https:\/\/www.finnvacum.fi\/wp-content\/uploads\/2022\/10\/scanpack.jpg 768w, https:\/\/www.finnvacum.fi\/wp-content\/uploads\/2022\/10\/scanpack-280x300.jpg 280w, https:\/\/www.finnvacum.fi\/wp-content\/uploads\/2022\/10\/scanpack-11x12.jpg 11w\" sizes=\"auto, (max-width: 414px) 100vw, 414px\" \/><\/figure>","protected":false},"excerpt":{"rendered":"<p>Place: Swedish Exhibition &amp; Congress Centre, Gothenburg, Sweden. Stand: B08:22. Welcome!<\/p>","protected":false},"author":1,"featured_media":0,"comment_status":"closed","ping_status":"open","sticky":false,"template":"","format":"standard","meta":{"inline_featured_image":false,"neve_meta_sidebar":"","neve_meta_container":"","neve_meta_enable_content_width":"","neve_meta_content_width":0,"neve_meta_title_alignment":"","neve_meta_author_avatar":"","neve_post_elements_order":"","neve_meta_disable_header":"","neve_meta_disable_footer":"","neve_meta_disable_title":"","footnotes":""},"categories":[1],"tags":[],"class_list":["post-7167","post","type-post","status-publish","format-standard","hentry","category-yleinen"],"yoast_head":"<!-- This site is optimized with the Yoast SEO plugin v25.1 - https:\/\/yoast.com\/wordpress\/plugins\/seo\/ -->\n<title>Olemme mukana Scanpack-messuilla 4.-7.10.2022! - Finnvacum<\/title>\n<meta name=\"robots\" content=\"index, follow, max-snippet:-1, max-image-preview:large, max-video-preview:-1\" \/>\n<link rel=\"canonical\" href=\"https:\/\/www.finnvacum.fi\/en\/olemme-mukana-scanpack-messuilla-4-7-10-2022\/\" \/>\n<meta property=\"og:locale\" content=\"en_GB\" \/>\n<meta property=\"og:type\" content=\"article\" \/>\n<meta property=\"og:title\" content=\"Olemme mukana Scanpack-messuilla 4.-7.10.2022! - Finnvacum\" \/>\n<meta property=\"og:description\" content=\"Paikka: G\u00f6teborgin messu- ja kongressikeskus, Ruotsi.L\u00f6yd\u00e4t meid\u00e4t osastolta B08:22. Tervetuloa!\" \/>\n<meta property=\"og:url\" content=\"https:\/\/www.finnvacum.fi\/en\/olemme-mukana-scanpack-messuilla-4-7-10-2022\/\" \/>\n<meta property=\"og:site_name\" content=\"Finnvacum\" \/>\n<meta property=\"article:publisher\" content=\"https:\/\/www.facebook.com\/finnvacum\/\" \/>\n<meta property=\"article:published_time\" content=\"2022-10-04T09:22:51+00:00\" \/>\n<meta property=\"article:modified_time\" content=\"2022-10-04T09:24:11+00:00\" \/>\n<meta property=\"og:image\" content=\"https:\/\/www.finnvacum.fi\/wp-content\/uploads\/2022\/10\/scanpack-en10-1.jpg\" \/>\n<meta name=\"author\" content=\"Finnvacum\" \/>\n<meta name=\"twitter:card\" content=\"summary_large_image\" \/>\n<meta name=\"twitter:label1\" content=\"Written by\" \/>\n\t<meta name=\"twitter:data1\" content=\"Finnvacum\" \/>\n<script type=\"application\/ld+json\" class=\"yoast-schema-graph\">{\"@context\":\"https:\/\/schema.org\",\"@graph\":[{\"@type\":\"Article\",\"@id\":\"https:\/\/www.finnvacum.fi\/olemme-mukana-scanpack-messuilla-4-7-10-2022\/#article\",\"isPartOf\":{\"@id\":\"https:\/\/www.finnvacum.fi\/olemme-mukana-scanpack-messuilla-4-7-10-2022\/\"},\"author\":{\"name\":\"Finnvacum\",\"@id\":\"https:\/\/www.finnvacum.fi\/#\/schema\/person\/8491ce6427439075199ab7aac45a33ba\"},\"headline\":\"Olemme mukana Scanpack-messuilla 4.-7.10.2022!\",\"datePublished\":\"2022-10-04T09:22:51+00:00\",\"dateModified\":\"2022-10-04T09:24:11+00:00\",\"mainEntityOfPage\":{\"@id\":\"https:\/\/www.finnvacum.fi\/olemme-mukana-scanpack-messuilla-4-7-10-2022\/\"},\"wordCount\":19,\"publisher\":{\"@id\":\"https:\/\/www.finnvacum.fi\/#organization\"},\"image\":{\"@id\":\"https:\/\/www.finnvacum.fi\/olemme-mukana-scanpack-messuilla-4-7-10-2022\/#primaryimage\"},\"thumbnailUrl\":\"https:\/\/www.finnvacum.fi\/wp-content\/uploads\/2022\/10\/scanpack-en10-1.jpg\",\"articleSection\":[\"Yleinen\"],\"inLanguage\":\"en-GB\"},{\"@type\":\"WebPage\",\"@id\":\"https:\/\/www.finnvacum.fi\/olemme-mukana-scanpack-messuilla-4-7-10-2022\/\",\"url\":\"https:\/\/www.finnvacum.fi\/olemme-mukana-scanpack-messuilla-4-7-10-2022\/\",\"name\":\"Olemme mukana Scanpack-messuilla 4.-7.10.2022! - Finnvacum\",\"isPartOf\":{\"@id\":\"https:\/\/www.finnvacum.fi\/#website\"},\"primaryImageOfPage\":{\"@id\":\"https:\/\/www.finnvacum.fi\/olemme-mukana-scanpack-messuilla-4-7-10-2022\/#primaryimage\"},\"image\":{\"@id\":\"https:\/\/www.finnvacum.fi\/olemme-mukana-scanpack-messuilla-4-7-10-2022\/#primaryimage\"},\"thumbnailUrl\":\"https:\/\/www.finnvacum.fi\/wp-content\/uploads\/2022\/10\/scanpack-en10-1.jpg\",\"datePublished\":\"2022-10-04T09:22:51+00:00\",\"dateModified\":\"2022-10-04T09:24:11+00:00\",\"breadcrumb\":{\"@id\":\"https:\/\/www.finnvacum.fi\/olemme-mukana-scanpack-messuilla-4-7-10-2022\/#breadcrumb\"},\"inLanguage\":\"en-GB\",\"potentialAction\":[{\"@type\":\"ReadAction\",\"target\":[\"https:\/\/www.finnvacum.fi\/olemme-mukana-scanpack-messuilla-4-7-10-2022\/\"]}]},{\"@type\":\"ImageObject\",\"inLanguage\":\"en-GB\",\"@id\":\"https:\/\/www.finnvacum.fi\/olemme-mukana-scanpack-messuilla-4-7-10-2022\/#primaryimage\",\"url\":\"https:\/\/www.finnvacum.fi\/wp-content\/uploads\/2022\/10\/scanpack-en10-1.jpg\",\"contentUrl\":\"https:\/\/www.finnvacum.fi\/wp-content\/uploads\/2022\/10\/scanpack-en10-1.jpg\"},{\"@type\":\"BreadcrumbList\",\"@id\":\"https:\/\/www.finnvacum.fi\/olemme-mukana-scanpack-messuilla-4-7-10-2022\/#breadcrumb\",\"itemListElement\":[{\"@type\":\"ListItem\",\"position\":1,\"name\":\"Etusivu\",\"item\":\"https:\/\/www.finnvacum.fi\/\"},{\"@type\":\"ListItem\",\"position\":2,\"name\":\"Olemme mukana Scanpack-messuilla 4.-7.10.2022!\"}]},{\"@type\":\"WebSite\",\"@id\":\"https:\/\/www.finnvacum.fi\/#website\",\"url\":\"https:\/\/www.finnvacum.fi\/\",\"name\":\"Finnvacum\",\"description\":\"Elintarviketeollisuuden koneet ja materiaalit\",\"publisher\":{\"@id\":\"https:\/\/www.finnvacum.fi\/#organization\"},\"potentialAction\":[{\"@type\":\"SearchAction\",\"target\":{\"@type\":\"EntryPoint\",\"urlTemplate\":\"https:\/\/www.finnvacum.fi\/?s={search_term_string}\"},\"query-input\":{\"@type\":\"PropertyValueSpecification\",\"valueRequired\":true,\"valueName\":\"search_term_string\"}}],\"inLanguage\":\"en-GB\"},{\"@type\":\"Organization\",\"@id\":\"https:\/\/www.finnvacum.fi\/#organization\",\"name\":\"Finnvacum Oy Ab\",\"url\":\"https:\/\/www.finnvacum.fi\/\",\"logo\":{\"@type\":\"ImageObject\",\"inLanguage\":\"en-GB\",\"@id\":\"https:\/\/www.finnvacum.fi\/#\/schema\/logo\/image\/\",\"url\":\"https:\/\/www.finnvacum.fi\/wp-content\/uploads\/2021\/05\/cropped-fv3to1.png\",\"contentUrl\":\"https:\/\/www.finnvacum.fi\/wp-content\/uploads\/2021\/05\/cropped-fv3to1.png\",\"width\":600,\"height\":150,\"caption\":\"Finnvacum Oy Ab\"},\"image\":{\"@id\":\"https:\/\/www.finnvacum.fi\/#\/schema\/logo\/image\/\"},\"sameAs\":[\"https:\/\/www.facebook.com\/finnvacum\/\",\"https:\/\/www.instagram.com\/finnvacum\/\",\"https:\/\/fi.linkedin.com\/company\/finnvacum-oy-ab\"]},{\"@type\":\"Person\",\"@id\":\"https:\/\/www.finnvacum.fi\/#\/schema\/person\/8491ce6427439075199ab7aac45a33ba\",\"name\":\"Finnvacum\",\"image\":{\"@type\":\"ImageObject\",\"inLanguage\":\"en-GB\",\"@id\":\"https:\/\/www.finnvacum.fi\/#\/schema\/person\/image\/\",\"url\":\"https:\/\/secure.gravatar.com\/avatar\/fccc51a8c8724848f3b84b13ca60d1407ea5ea8877b7ab6f9d9030a2f7c6226f?s=96&d=mm&r=g\",\"contentUrl\":\"https:\/\/secure.gravatar.com\/avatar\/fccc51a8c8724848f3b84b13ca60d1407ea5ea8877b7ab6f9d9030a2f7c6226f?s=96&d=mm&r=g\",\"caption\":\"Finnvacum\"},\"sameAs\":[\"https:\/\/www.finnvacum.fi\"]}]}<\/script>\n<!-- \/ Yoast SEO plugin. -->","yoast_head_json":{"title":"Olemme mukana Scanpack-messuilla 4.-7.10.2022! - Finnvacum","robots":{"index":"index","follow":"follow","max-snippet":"max-snippet:-1","max-image-preview":"max-image-preview:large","max-video-preview":"max-video-preview:-1"},"canonical":"https:\/\/www.finnvacum.fi\/en\/olemme-mukana-scanpack-messuilla-4-7-10-2022\/","og_locale":"en_GB","og_type":"article","og_title":"Olemme mukana Scanpack-messuilla 4.-7.10.2022! - Finnvacum","og_description":"Paikka: G\u00f6teborgin messu- ja kongressikeskus, Ruotsi.L\u00f6yd\u00e4t meid\u00e4t osastolta B08:22. Tervetuloa!","og_url":"https:\/\/www.finnvacum.fi\/en\/olemme-mukana-scanpack-messuilla-4-7-10-2022\/","og_site_name":"Finnvacum","article_publisher":"https:\/\/www.facebook.com\/finnvacum\/","article_published_time":"2022-10-04T09:22:51+00:00","article_modified_time":"2022-10-04T09:24:11+00:00","og_image":[{"url":"https:\/\/www.finnvacum.fi\/wp-content\/uploads\/2022\/10\/scanpack-en10-1.jpg","type":"","width":"","height":""}],"author":"Finnvacum","twitter_card":"summary_large_image","twitter_misc":{"Written by":"Finnvacum"},"schema":{"@context":"https:\/\/schema.org","@graph":[{"@type":"Article","@id":"https:\/\/www.finnvacum.fi\/olemme-mukana-scanpack-messuilla-4-7-10-2022\/#article","isPartOf":{"@id":"https:\/\/www.finnvacum.fi\/olemme-mukana-scanpack-messuilla-4-7-10-2022\/"},"author":{"name":"Finnvacum","@id":"https:\/\/www.finnvacum.fi\/#\/schema\/person\/8491ce6427439075199ab7aac45a33ba"},"headline":"Olemme mukana Scanpack-messuilla 4.-7.10.2022!","datePublished":"2022-10-04T09:22:51+00:00","dateModified":"2022-10-04T09:24:11+00:00","mainEntityOfPage":{"@id":"https:\/\/www.finnvacum.fi\/olemme-mukana-scanpack-messuilla-4-7-10-2022\/"},"wordCount":19,"publisher":{"@id":"https:\/\/www.finnvacum.fi\/#organization"},"image":{"@id":"https:\/\/www.finnvacum.fi\/olemme-mukana-scanpack-messuilla-4-7-10-2022\/#primaryimage"},"thumbnailUrl":"https:\/\/www.finnvacum.fi\/wp-content\/uploads\/2022\/10\/scanpack-en10-1.jpg","articleSection":["Yleinen"],"inLanguage":"en-GB"},{"@type":"WebPage","@id":"https:\/\/www.finnvacum.fi\/olemme-mukana-scanpack-messuilla-4-7-10-2022\/","url":"https:\/\/www.finnvacum.fi\/olemme-mukana-scanpack-messuilla-4-7-10-2022\/","name":"Olemme mukana Scanpack-messuilla 4.-7.10.2022! - Finnvacum","isPartOf":{"@id":"https:\/\/www.finnvacum.fi\/#website"},"primaryImageOfPage":{"@id":"https:\/\/www.finnvacum.fi\/olemme-mukana-scanpack-messuilla-4-7-10-2022\/#primaryimage"},"image":{"@id":"https:\/\/www.finnvacum.fi\/olemme-mukana-scanpack-messuilla-4-7-10-2022\/#primaryimage"},"thumbnailUrl":"https:\/\/www.finnvacum.fi\/wp-content\/uploads\/2022\/10\/scanpack-en10-1.jpg","datePublished":"2022-10-04T09:22:51+00:00","dateModified":"2022-10-04T09:24:11+00:00","breadcrumb":{"@id":"https:\/\/www.finnvacum.fi\/olemme-mukana-scanpack-messuilla-4-7-10-2022\/#breadcrumb"},"inLanguage":"en-GB","potentialAction":[{"@type":"ReadAction","target":["https:\/\/www.finnvacum.fi\/olemme-mukana-scanpack-messuilla-4-7-10-2022\/"]}]},{"@type":"ImageObject","inLanguage":"en-GB","@id":"https:\/\/www.finnvacum.fi\/olemme-mukana-scanpack-messuilla-4-7-10-2022\/#primaryimage","url":"https:\/\/www.finnvacum.fi\/wp-content\/uploads\/2022\/10\/scanpack-en10-1.jpg","contentUrl":"https:\/\/www.finnvacum.fi\/wp-content\/uploads\/2022\/10\/scanpack-en10-1.jpg"},{"@type":"BreadcrumbList","@id":"https:\/\/www.finnvacum.fi\/olemme-mukana-scanpack-messuilla-4-7-10-2022\/#breadcrumb","itemListElement":[{"@type":"ListItem","position":1,"name":"Etusivu","item":"https:\/\/www.finnvacum.fi\/"},{"@type":"ListItem","position":2,"name":"Olemme mukana Scanpack-messuilla 4.-7.10.2022!"}]},{"@type":"WebSite","@id":"https:\/\/www.finnvacum.fi\/#website","url":"https:\/\/www.finnvacum.fi\/","name":"Finnvacum","description":"Elintarviketeollisuuden koneet ja materiaalit","publisher":{"@id":"https:\/\/www.finnvacum.fi\/#organization"},"potentialAction":[{"@type":"SearchAction","target":{"@type":"EntryPoint","urlTemplate":"https:\/\/www.finnvacum.fi\/?s={search_term_string}"},"query-input":{"@type":"PropertyValueSpecification","valueRequired":true,"valueName":"search_term_string"}}],"inLanguage":"en-GB"},{"@type":"Organization","@id":"https:\/\/www.finnvacum.fi\/#organization","name":"Finnvacum Oy Ab","url":"https:\/\/www.finnvacum.fi\/","logo":{"@type":"ImageObject","inLanguage":"en-GB","@id":"https:\/\/www.finnvacum.fi\/#\/schema\/logo\/image\/","url":"https:\/\/www.finnvacum.fi\/wp-content\/uploads\/2021\/05\/cropped-fv3to1.png","contentUrl":"https:\/\/www.finnvacum.fi\/wp-content\/uploads\/2021\/05\/cropped-fv3to1.png","width":600,"height":150,"caption":"Finnvacum Oy Ab"},"image":{"@id":"https:\/\/www.finnvacum.fi\/#\/schema\/logo\/image\/"},"sameAs":["https:\/\/www.facebook.com\/finnvacum\/","https:\/\/www.instagram.com\/finnvacum\/","https:\/\/fi.linkedin.com\/company\/finnvacum-oy-ab"]},{"@type":"Person","@id":"https:\/\/www.finnvacum.fi\/#\/schema\/person\/8491ce6427439075199ab7aac45a33ba","name":"Finnvacum","image":{"@type":"ImageObject","inLanguage":"en-GB","@id":"https:\/\/www.finnvacum.fi\/#\/schema\/person\/image\/","url":"https:\/\/secure.gravatar.com\/avatar\/fccc51a8c8724848f3b84b13ca60d1407ea5ea8877b7ab6f9d9030a2f7c6226f?s=96&d=mm&r=g","contentUrl":"https:\/\/secure.gravatar.com\/avatar\/fccc51a8c8724848f3b84b13ca60d1407ea5ea8877b7ab6f9d9030a2f7c6226f?s=96&d=mm&r=g","caption":"Finnvacum"},"sameAs":["https:\/\/www.finnvacum.fi"]}]}},"uagb_featured_image_src":{"full":false,"thumbnail":false,"medium":false,"medium_large":false,"large":false,"1536x1536":false,"2048x2048":false,"trp-custom-language-flag":false,"neve-blog":false},"uagb_author_info":{"display_name":"Finnvacum","author_link":"https:\/\/www.finnvacum.fi\/en\/author\/finnvacum\/"},"uagb_comment_info":0,"uagb_excerpt":"Paikka: G\u00f6teborgin messu- ja kongressikeskus, Ruotsi.L\u00f6yd\u00e4t meid\u00e4t osastolta B08:22. Tervetuloa!","_links":{"self":[{"href":"https:\/\/www.finnvacum.fi\/en\/wp-json\/wp\/v2\/posts\/7167","targetHints":{"allow":["GET"]}}],"collection":[{"href":"https:\/\/www.finnvacum.fi\/en\/wp-json\/wp\/v2\/posts"}],"about":[{"href":"https:\/\/www.finnvacum.fi\/en\/wp-json\/wp\/v2\/types\/post"}],"author":[{"embeddable":true,"href":"https:\/\/www.finnvacum.fi\/en\/wp-json\/wp\/v2\/users\/1"}],"replies":[{"embeddable":true,"href":"https:\/\/www.finnvacum.fi\/en\/wp-json\/wp\/v2\/comments?post=7167"}],"version-history":[{"count":4,"href":"https:\/\/www.finnvacum.fi\/en\/wp-json\/wp\/v2\/posts\/7167\/revisions"}],"predecessor-version":[{"id":7176,"href":"https:\/\/www.finnvacum.fi\/en\/wp-json\/wp\/v2\/posts\/7167\/revisions\/7176"}],"wp:attachment":[{"href":"https:\/\/www.finnvacum.fi\/en\/wp-json\/wp\/v2\/media?parent=7167"}],"wp:term":[{"taxonomy":"category","embeddable":true,"href":"https:\/\/www.finnvacum.fi\/en\/wp-json\/wp\/v2\/categories?post=7167"},{"taxonomy":"post_tag","embeddable":true,"href":"https:\/\/www.finnvacum.fi\/en\/wp-json\/wp\/v2\/tags?post=7167"}],"curies":[{"name":"wp","href":"https:\/\/api.w.org\/{rel}","templated":true}]}}